{"id":4676,"date":"2026-02-13T11:06:00","date_gmt":"2026-02-13T10:06:00","guid":{"rendered":"https:\/\/if-maroc.org\/casablanca\/?post_type=actualities&#038;p=4676"},"modified":"2026-02-17T16:32:42","modified_gmt":"2026-02-17T15:32:42","slug":"horaires-ramadan-2026","status":"publish","type":"actualities","link":"https:\/\/if-maroc.org\/casablanca\/actualites\/horaires-ramadan-2026\/","title":{"rendered":"Pendant le Ramadan, nos horaires s&rsquo;adaptent !"},"content":{"rendered":"\n<p>Horaires Ramadan 2026<\/p>\n\n\n\n<p class=\"has-black-color has-gray-background-color has-text-color has-background has-large-font-size\"><strong>Centre de langue <\/strong><\/p>\n\n\n\n<p>Du mardi au samedi : 9h -16h (Accueil, positionnement, inscription et caisse)<\/p>\n\n\n\n<p class=\"has-blue-color has-text-color has-link-color wp-elements-39753caec6057e5f0b1ecd549bd1f987\"><strong>Ouvertures exceptionnelles : Nocturnes de 21h \u00e0 23h du jeudi 26 au samedi 28 f\u00e9vrier 2026<\/strong><\/p>\n\n\n\n<p class=\"has-black-color has-gray-background-color has-text-color has-background has-large-font-size\"><strong>M\u00e9diath\u00e8que Ados\/Adultes <\/strong><\/p>\n\n\n\n<p>Du mercredi au samedi : 10h &#8211; 15h \/\/ Dimanche : 10h &#8211; 14h<\/p>\n\n\n\n<p class=\"has-black-color has-gray-background-color has-text-color has-background has-large-font-size\"><strong>M\u00e9diath\u00e8que jeunesse <\/strong><\/p>\n\n\n\n<p>Mercredi : 12h &#8211; 15h \/\/ Samedi : 10h &#8211; 15h \/\/ Dimanche : 10h &#8211; 14h<\/p>\n\n\n\n<p class=\"has-black-color has-gray-background-color has-text-color has-background has-link-color has-large-font-size wp-elements-3a9c52c6b666cdb50bbba2c6d15bb77a\"><strong>Espace Campus France<\/strong><\/p>\n\n\n\n<p>Du lundi au vendredi : 09h15 &#8211; 14h30<\/p>\n","protected":false},"excerpt":{"rendered":"<p>Horaires Ramadan 2026 Centre de langue Du mardi au samedi : 9h -16h (Accueil, positionnement, inscription et caisse) Ouvertures exceptionnelles : Nocturnes de 21h \u00e0 23h du jeudi 26 au samedi 28 f\u00e9vrier 2026 M\u00e9diath\u00e8que Ados\/Adultes Du mercredi au samedi : 10h &#8211; 15h \/\/ Dimanche : 10h &#8211; 14h M\u00e9diath\u00e8que jeunesse Mercredi : 12h [&hellip;]<\/p>\n","protected":false},"featured_media":8533,"template":"","meta":{"_acf_changed":false},"actualities_category":[],"class_list":["post-4676","actualities","type-actualities","status-publish","has-post-thumbnail","hentry"],"acf":[],"_links":{"self":[{"href":"https:\/\/if-maroc.org\/casablanca\/wp-json\/wp\/v2\/actualities\/4676","targetHints":{"allow":["GET"]}}],"collection":[{"href":"https:\/\/if-maroc.org\/casablanca\/wp-json\/wp\/v2\/actualities"}],"about":[{"href":"https:\/\/if-maroc.org\/casablanca\/wp-json\/wp\/v2\/types\/actualities"}],"wp:featuredmedia":[{"embeddable":true,"href":"https:\/\/if-maroc.org\/casablanca\/wp-json\/wp\/v2\/media\/8533"}],"wp:attachment":[{"href":"https:\/\/if-maroc.org\/casablanca\/wp-json\/wp\/v2\/media?parent=4676"}],"wp:term":[{"taxonomy":"actualities_category","embeddable":true,"href":"https:\/\/if-maroc.org\/casablanca\/wp-json\/wp\/v2\/actualities_category?post=4676"}],"curies":[{"name":"wp","href":"https:\/\/api.w.org\/{rel}","templated":true}]}}