{"id":5031,"date":"2026-03-30T19:07:03","date_gmt":"2026-03-30T17:07:03","guid":{"rendered":"https:\/\/if-maroc.org\/eljadida\/?post_type=actualities&#038;p=5031"},"modified":"2026-03-30T19:12:54","modified_gmt":"2026-03-30T17:12:54","slug":"appel-a-candidatures","status":"publish","type":"actualities","link":"https:\/\/if-maroc.org\/eljadida\/actualites\/appel-a-candidatures\/","title":{"rendered":"Appel \u00e0 candidatures"},"content":{"rendered":"\n<p>L\u2019Institut fran\u00e7ais du Maroc \u2013 site El Jadida recrute des <strong>enseignants de fran\u00e7ais g\u00e9n\u00e9ral<\/strong> ainsi que des <strong>formateurs dans divers domaines professionnels<\/strong> pour des missions de vacation \u00e0 partir de l\u2019automne 2026.<\/p>\n\n\n\n<p><strong>Profils recherch\u00e9s :<\/strong><\/p>\n\n\n\n<ul class=\"wp-block-list\">\n<li>Enseignants de fran\u00e7ais disposant d\u2019une exp\u00e9rience dans le secteur public ou priv\u00e9, ou titulaires d\u2019une licence ou d\u2019un master en litt\u00e9rature fran\u00e7aise ou en Fran\u00e7ais Langue \u00c9trang\u00e8re (FLE).<\/li>\n\n\n\n<li>Formateurs sp\u00e9cialis\u00e9s dans divers domaines professionnels .<\/li>\n<\/ul>\n\n\n\n<p><strong>Pourquoi nous rejoindre ?<\/strong><br>Int\u00e9grez une \u00e9quipe dynamique et participez \u00e0 la promotion de la langue fran\u00e7aise et au d\u00e9veloppement des comp\u00e9tences professionnelles au sein de notre centre.<\/p>\n\n\n\n<p><strong>Modalit\u00e9s de candidature :<\/strong><br>Merci d\u2019envoyer votre dossier (CV avec photo et lettre de motivation) \u00e0 :<br>\ud83d\udce7 <a href=\"mailto:cdl.eljadida@ifmaroc.com\">cdl.eljadida@ifmaroc.com<\/a> ou de le d\u00e9poser directement au secr\u00e9tariat du centre de langue :<br>\ud83d\udccd 3, rue du Caire \u2013 El Jadida 24000<\/p>\n\n\n\n<p><strong>Date limite :<\/strong> Vendredi 30 avril 2026<\/p>\n\n\n\n<p>Seuls les candidats retenus seront contact\u00e9s par courriel.<\/p>\n","protected":false},"excerpt":{"rendered":"<p>L\u2019Institut fran\u00e7ais du Maroc \u2013 site El Jadida recrute des enseignants de fran\u00e7ais g\u00e9n\u00e9ral ainsi que des formateurs dans divers domaines professionnels pour des missions de vacation \u00e0 partir de l\u2019automne 2026. Profils recherch\u00e9s : Pourquoi nous rejoindre ?Int\u00e9grez une \u00e9quipe dynamique et participez \u00e0 la promotion de la langue fran\u00e7aise et au d\u00e9veloppement des [&hellip;]<\/p>\n","protected":false},"featured_media":5032,"template":"","meta":{"_acf_changed":false},"actualities_category":[],"class_list":["post-5031","actualities","type-actualities","status-publish","has-post-thumbnail","hentry"],"acf":[],"_links":{"self":[{"href":"https:\/\/if-maroc.org\/eljadida\/wp-json\/wp\/v2\/actualities\/5031","targetHints":{"allow":["GET"]}}],"collection":[{"href":"https:\/\/if-maroc.org\/eljadida\/wp-json\/wp\/v2\/actualities"}],"about":[{"href":"https:\/\/if-maroc.org\/eljadida\/wp-json\/wp\/v2\/types\/actualities"}],"wp:featuredmedia":[{"embeddable":true,"href":"https:\/\/if-maroc.org\/eljadida\/wp-json\/wp\/v2\/media\/5032"}],"wp:attachment":[{"href":"https:\/\/if-maroc.org\/eljadida\/wp-json\/wp\/v2\/media?parent=5031"}],"wp:term":[{"taxonomy":"actualities_category","embeddable":true,"href":"https:\/\/if-maroc.org\/eljadida\/wp-json\/wp\/v2\/actualities_category?post=5031"}],"curies":[{"name":"wp","href":"https:\/\/api.w.org\/{rel}","templated":true}]}}